{"id":3118,"date":"2025-02-01T14:07:10","date_gmt":"2025-02-01T13:07:10","guid":{"rendered":"https:\/\/www.mpnetwork.ch\/marco-mazzoni-20-ans-chez-m-p-network-gmbh\/"},"modified":"2025-02-25T14:19:44","modified_gmt":"2025-02-25T13:19:44","slug":"marco-mazzoni-20-ans-chez-m-p-network-gmbh","status":"publish","type":"post","link":"https:\/\/www.mpnetwork.ch\/fr\/marco-mazzoni-20-ans-chez-m-p-network-gmbh\/","title":{"rendered":"Marco Mazzoni : 20 ans chez m.p.network GmbH"},"content":{"rendered":"<p>[et_pb_section fb_built=\u00a0\u00bb1&Prime; _builder_version=\u00a0\u00bb4.16&Prime; _module_preset=\u00a0\u00bbdefault\u00a0\u00bb global_colors_info=\u00a0\u00bb{}\u00a0\u00bb][et_pb_row _builder_version=\u00a0\u00bb4.16&Prime; _module_preset=\u00a0\u00bbdefault\u00a0\u00bb global_colors_info=\u00a0\u00bb{}\u00a0\u00bb][et_pb_column type=\u00a0\u00bb4_4&Prime; _builder_version=\u00a0\u00bb4.16&Prime; _module_preset=\u00a0\u00bbdefault\u00a0\u00bb global_colors_info=\u00a0\u00bb{}\u00a0\u00bb][et_pb_text _builder_version=\u00a0\u00bb4.27.4&Prime; _module_preset=\u00a0\u00bbdefault\u00a0\u00bb custom_padding=\u00a0\u00bb||0px|||\u00a0\u00bb global_colors_info=\u00a0\u00bb{}\u00a0\u00bb]<\/p>\n<p>Vingt ans, ce n&rsquo;est pas seulement un chiffre, c&rsquo;est un signe de constance, de confiance et de croissance commune. Durant cette p\u00e9riode, Marco Mazzoni a non seulement apport\u00e9 ses connaissances et sa passion \u00e0 notre \u00e9quipe, mais il a \u00e9galement contribu\u00e9 de mani\u00e8re significative au d\u00e9veloppement positif de notre entreprise. <\/p>\n<p>Nous tenons \u00e0 les remercier chaleureusement pour tout cela.<\/p>\n<p>Son engagement et sa loyaut\u00e9 sont une source d&rsquo;inspiration et montrent \u00e0 quel point les relations durables sont pr\u00e9cieuses dans le monde du travail. Nous sommes fiers de l&rsquo;avoir parmi nous et nous nous r\u00e9jouissons de poursuivre notre collaboration. <\/p>\n<p>[\/et_pb_text][\/et_pb_column][\/et_pb_row][\/et_pb_section]<\/p>\n","protected":false},"excerpt":{"rendered":"<p>Vingt ans, ce n&rsquo;est pas seulement un chiffre, c&rsquo;est un signe de constance, de confiance et de croissance commune. Durant cette p\u00e9riode, Marco Mazzoni a non seulement apport\u00e9 ses connaissances et sa passion \u00e0 notre \u00e9quipe, mais il a \u00e9galement contribu\u00e9 de mani\u00e8re significative au d\u00e9veloppement positif de notre entreprise. Nous tenons \u00e0 les remercier [&hellip;]<\/p>\n","protected":false},"author":2,"featured_media":3136,"comment_status":"closed","ping_status":"closed","sticky":false,"template":"","format":"standard","meta":{"_et_pb_use_builder":"on","_et_pb_old_content":"","_et_gb_content_width":"","footnotes":""},"categories":[42],"tags":[66,53,56,52,67,54],"class_list":["post-3118","post","type-post","status-publish","format-standard","has-post-thumbnail","hentry","category-non-classifiee","tag-anniversaire","tag-fenoffice-fr","tag-fenoffice-ng-fr","tag-m-p-network-fr","tag-marco-mazzoni-fr","tag-prologic-fr"],"_links":{"self":[{"href":"https:\/\/www.mpnetwork.ch\/fr\/wp-json\/wp\/v2\/posts\/3118","targetHints":{"allow":["GET"]}}],"collection":[{"href":"https:\/\/www.mpnetwork.ch\/fr\/wp-json\/wp\/v2\/posts"}],"about":[{"href":"https:\/\/www.mpnetwork.ch\/fr\/wp-json\/wp\/v2\/types\/post"}],"author":[{"embeddable":true,"href":"https:\/\/www.mpnetwork.ch\/fr\/wp-json\/wp\/v2\/users\/2"}],"replies":[{"embeddable":true,"href":"https:\/\/www.mpnetwork.ch\/fr\/wp-json\/wp\/v2\/comments?post=3118"}],"version-history":[{"count":6,"href":"https:\/\/www.mpnetwork.ch\/fr\/wp-json\/wp\/v2\/posts\/3118\/revisions"}],"predecessor-version":[{"id":3141,"href":"https:\/\/www.mpnetwork.ch\/fr\/wp-json\/wp\/v2\/posts\/3118\/revisions\/3141"}],"wp:featuredmedia":[{"embeddable":true,"href":"https:\/\/www.mpnetwork.ch\/fr\/wp-json\/wp\/v2\/media\/3136"}],"wp:attachment":[{"href":"https:\/\/www.mpnetwork.ch\/fr\/wp-json\/wp\/v2\/media?parent=3118"}],"wp:term":[{"taxonomy":"category","embeddable":true,"href":"https:\/\/www.mpnetwork.ch\/fr\/wp-json\/wp\/v2\/categories?post=3118"},{"taxonomy":"post_tag","embeddable":true,"href":"https:\/\/www.mpnetwork.ch\/fr\/wp-json\/wp\/v2\/tags?post=3118"}],"curies":[{"name":"wp","href":"https:\/\/api.w.org\/{rel}","templated":true}]}}