{"id":2874,"date":"2024-02-16T14:45:08","date_gmt":"2024-02-16T13:45:08","guid":{"rendered":"https:\/\/www.mpnetwork.ch\/fensterbau-frontale-nuernberg-du-19-03-au-22-03-2024\/"},"modified":"2024-02-21T09:02:29","modified_gmt":"2024-02-21T08:02:29","slug":"fensterbau-frontale-nuernberg-du-19-03-au-22-03-2024","status":"publish","type":"post","link":"https:\/\/www.mpnetwork.ch\/fr\/fensterbau-frontale-nuernberg-du-19-03-au-22-03-2024\/","title":{"rendered":"Fensterbau Frontale N\u00fcrnberg du 19.03 au 22.03.2024"},"content":{"rendered":"<p>[et_pb_section fb_built=\u00a0\u00bb1&Prime; _builder_version=\u00a0\u00bb4.16&Prime; _module_preset=\u00a0\u00bbdefault\u00a0\u00bb global_colors_info=\u00a0\u00bb{}\u00a0\u00bb][et_pb_row _builder_version=\u00a0\u00bb4.16&Prime; _module_preset=\u00a0\u00bbdefault\u00a0\u00bb global_colors_info=\u00a0\u00bb{}\u00a0\u00bb][et_pb_column type=\u00a0\u00bb4_4&Prime; _builder_version=\u00a0\u00bb4.16&Prime; _module_preset=\u00a0\u00bbdefault\u00a0\u00bb global_colors_info=\u00a0\u00bb{}\u00a0\u00bb][et_pb_blurb title=\u00a0\u00bbFensterbau Frontale 2024&Prime; _builder_version=\u00a0\u00bb4.24.0&Prime; _module_preset=\u00a0\u00bbdefault\u00a0\u00bb global_colors_info=\u00a0\u00bb{}\u00a0\u00bb]<\/p>\n<p class=\"lead-text\">C&rsquo;est avec plaisir que nous vous accueillerons sur le stand de ProLogic dans le hall 1 \/ stand 336.<\/p>\n<div class=\"page-section-area-wrapper\">\n<div class=\"cont-column-layout\">\n<div class=\"row layout-2-1\">\n<div class=\"column\">\n<p>Parlez-nous de vos projets d&rsquo;avenir. Nous nous ferons un plaisir de vous montrer comment nous pouvons vous aider avec notre solution globale.<br \/>En outre, nous vous pr\u00e9sentons les nouveaut\u00e9s de la mise \u00e0 jour trimestrielle 2024-01.<\/p>\n<p>Pour plus d&rsquo;informations sur l&rsquo;acc\u00e8s, les heures d&rsquo;ouverture, etc., consultez le site de l&rsquo;organisateur <a href=\"https:\/\/www.frontale.de\/de-de\" target=\"_blank\" rel=\"noopener\">https:\/\/www.frontale.de\/de-de<\/a>.<\/p>\n<p>&nbsp;<\/p>\n<\/div>\n<\/div>\n<\/div>\n<\/div>\n<p>[\/et_pb_blurb][\/et_pb_column][\/et_pb_row][\/et_pb_section]<\/p>\n","protected":false},"excerpt":{"rendered":"<p>C&rsquo;est avec plaisir que nous vous accueillerons sur le stand de ProLogic dans le hall 1 \/ stand 336. Parlez-nous de vos projets d&rsquo;avenir. Nous nous ferons un plaisir de vous montrer comment nous pouvons vous aider avec notre solution globale.En outre, nous vous pr\u00e9sentons les nouveaut\u00e9s de la mise \u00e0 jour trimestrielle 2024-01. Pour [&hellip;]<\/p>\n","protected":false},"author":2,"featured_media":2849,"comment_status":"closed","ping_status":"closed","sticky":false,"template":"","format":"standard","meta":{"_et_pb_use_builder":"on","_et_pb_old_content":"","_et_gb_content_width":"","footnotes":""},"categories":[42],"tags":[],"class_list":["post-2874","post","type-post","status-publish","format-standard","has-post-thumbnail","hentry","category-non-classifiee"],"_links":{"self":[{"href":"https:\/\/www.mpnetwork.ch\/fr\/wp-json\/wp\/v2\/posts\/2874","targetHints":{"allow":["GET"]}}],"collection":[{"href":"https:\/\/www.mpnetwork.ch\/fr\/wp-json\/wp\/v2\/posts"}],"about":[{"href":"https:\/\/www.mpnetwork.ch\/fr\/wp-json\/wp\/v2\/types\/post"}],"author":[{"embeddable":true,"href":"https:\/\/www.mpnetwork.ch\/fr\/wp-json\/wp\/v2\/users\/2"}],"replies":[{"embeddable":true,"href":"https:\/\/www.mpnetwork.ch\/fr\/wp-json\/wp\/v2\/comments?post=2874"}],"version-history":[{"count":6,"href":"https:\/\/www.mpnetwork.ch\/fr\/wp-json\/wp\/v2\/posts\/2874\/revisions"}],"predecessor-version":[{"id":2890,"href":"https:\/\/www.mpnetwork.ch\/fr\/wp-json\/wp\/v2\/posts\/2874\/revisions\/2890"}],"wp:featuredmedia":[{"embeddable":true,"href":"https:\/\/www.mpnetwork.ch\/fr\/wp-json\/wp\/v2\/media\/2849"}],"wp:attachment":[{"href":"https:\/\/www.mpnetwork.ch\/fr\/wp-json\/wp\/v2\/media?parent=2874"}],"wp:term":[{"taxonomy":"category","embeddable":true,"href":"https:\/\/www.mpnetwork.ch\/fr\/wp-json\/wp\/v2\/categories?post=2874"},{"taxonomy":"post_tag","embeddable":true,"href":"https:\/\/www.mpnetwork.ch\/fr\/wp-json\/wp\/v2\/tags?post=2874"}],"curies":[{"name":"wp","href":"https:\/\/api.w.org\/{rel}","templated":true}]}}